{"id":1441,"date":"2024-04-04T13:58:03","date_gmt":"2024-04-04T11:58:03","guid":{"rendered":"http:\/\/prod.voyageurs.ch\/website\/der-genfersee\/"},"modified":"2026-03-19T15:12:53","modified_gmt":"2026-03-19T14:12:53","slug":"der-genfersee","status":"publish","type":"post","link":"https:\/\/voyageurs.ch\/de\/der-genfersee\/","title":{"rendered":"Der Genfersee"},"content":{"rendered":"<p class=\"p1\">Als gr\u00f6\u00dfter S\u00fc\u00dfwassersee Westeuropas begleitet der Genfersee die Lausanner Landschaft majest\u00e4tisch. Im Sommer genie\u00dft man dort das Schwimmen, Tretbootfahren oder Kreuzfahrten an Bord der Belle-\u00c9poque-Schiffe. Im Herbst oder Winter \u00e4ndert sich das Licht, die Nebel legen sich \u2014 und der Charme bleibt intakt. Ein Ort, den man im Wandel der Jahreszeiten erleben kann, zwischen Natur und Kontemplation.<\/p>\n","protected":false},"excerpt":{"rendered":"<p>Als gr\u00f6\u00dfter S\u00fc\u00dfwassersee Westeuropas begleitet der Genfersee die Lausanner Landschaft majest\u00e4tisch. Im Sommer genie\u00dft man dort das Schwimmen, Tretbootfahren oder Kreuzfahrten an Bord der Belle-\u00c9poque-Schiffe. Im Herbst oder Winter \u00e4ndert sich das Licht, die Nebel legen sich \u2014 und der Charme bleibt intakt. Ein Ort, den man im Wandel der Jahreszeiten erleben kann, zwischen Natur&hellip;<\/p>\n","protected":false},"author":1,"featured_media":1442,"comment_status":"open","ping_status":"open","sticky":false,"template":"","format":"standard","meta":{"footnotes":""},"categories":[6],"tags":[],"post_series":[],"class_list":["post-1441","post","type-post","status-publish","format-standard","has-post-thumbnail","hentry","category-nicht-kategorisiert","entry","has-media"],"_links":{"self":[{"href":"https:\/\/voyageurs.ch\/de\/wp-json\/wp\/v2\/posts\/1441","targetHints":{"allow":["GET"]}}],"collection":[{"href":"https:\/\/voyageurs.ch\/de\/wp-json\/wp\/v2\/posts"}],"about":[{"href":"https:\/\/voyageurs.ch\/de\/wp-json\/wp\/v2\/types\/post"}],"author":[{"embeddable":true,"href":"https:\/\/voyageurs.ch\/de\/wp-json\/wp\/v2\/users\/1"}],"replies":[{"embeddable":true,"href":"https:\/\/voyageurs.ch\/de\/wp-json\/wp\/v2\/comments?post=1441"}],"version-history":[{"count":1,"href":"https:\/\/voyageurs.ch\/de\/wp-json\/wp\/v2\/posts\/1441\/revisions"}],"predecessor-version":[{"id":1808,"href":"https:\/\/voyageurs.ch\/de\/wp-json\/wp\/v2\/posts\/1441\/revisions\/1808"}],"wp:featuredmedia":[{"embeddable":true,"href":"https:\/\/voyageurs.ch\/de\/wp-json\/wp\/v2\/media\/1442"}],"wp:attachment":[{"href":"https:\/\/voyageurs.ch\/de\/wp-json\/wp\/v2\/media?parent=1441"}],"wp:term":[{"taxonomy":"category","embeddable":true,"href":"https:\/\/voyageurs.ch\/de\/wp-json\/wp\/v2\/categories?post=1441"},{"taxonomy":"post_tag","embeddable":true,"href":"https:\/\/voyageurs.ch\/de\/wp-json\/wp\/v2\/tags?post=1441"},{"taxonomy":"post_series","embeddable":true,"href":"https:\/\/voyageurs.ch\/de\/wp-json\/wp\/v2\/post_series?post=1441"}],"curies":[{"name":"wp","href":"https:\/\/api.w.org\/{rel}","templated":true}]}}