{"id":1455,"date":"2024-04-04T12:40:33","date_gmt":"2024-04-04T10:40:33","guid":{"rendered":"http:\/\/prod.voyageurs.ch\/website\/die-kathedrale\/"},"modified":"2025-10-31T13:17:49","modified_gmt":"2025-10-31T12:17:49","slug":"die-kathedrale","status":"publish","type":"post","link":"https:\/\/voyageurs.ch\/de\/die-kathedrale\/","title":{"rendered":"Die Kathedrale"},"content":{"rendered":"<p class=\"p1\">Auf dem Gipfel der Altstadt dominiert die Kathedrale von Lausanne stolz die Stadt und den See. Sie gilt als eines der sch\u00f6nsten Beispiele gotischer Kunst in Europa und zieht j\u00e4hrlich \u00fcber 400.000 Besucher an. Ihre majest\u00e4tische Architektur, ihre beeindruckende Orgel und der Panoramablick vom Turm machen sie zu einem symboltr\u00e4chtigen Ort, reich an Geschichte und f\u00fcr alle zug\u00e4nglich.<\/p>\n","protected":false},"excerpt":{"rendered":"<p>Auf dem Gipfel der Altstadt dominiert die Kathedrale von Lausanne stolz die Stadt und den See. Sie gilt als eines der sch\u00f6nsten Beispiele gotischer Kunst in Europa und zieht j\u00e4hrlich \u00fcber 400.000 Besucher an. Ihre majest\u00e4tische Architektur, ihre beeindruckende Orgel und der Panoramablick vom Turm machen sie zu einem symboltr\u00e4chtigen Ort, reich an Geschichte und&hellip;<\/p>\n","protected":false},"author":1,"featured_media":1456,"comment_status":"open","ping_status":"open","sticky":false,"template":"","format":"standard","meta":{"footnotes":""},"categories":[6],"tags":[],"post_series":[],"class_list":["post-1455","post","type-post","status-publish","format-standard","has-post-thumbnail","hentry","category-nicht-kategorisiert","entry","has-media"],"_links":{"self":[{"href":"https:\/\/voyageurs.ch\/de\/wp-json\/wp\/v2\/posts\/1455","targetHints":{"allow":["GET"]}}],"collection":[{"href":"https:\/\/voyageurs.ch\/de\/wp-json\/wp\/v2\/posts"}],"about":[{"href":"https:\/\/voyageurs.ch\/de\/wp-json\/wp\/v2\/types\/post"}],"author":[{"embeddable":true,"href":"https:\/\/voyageurs.ch\/de\/wp-json\/wp\/v2\/users\/1"}],"replies":[{"embeddable":true,"href":"https:\/\/voyageurs.ch\/de\/wp-json\/wp\/v2\/comments?post=1455"}],"version-history":[{"count":1,"href":"https:\/\/voyageurs.ch\/de\/wp-json\/wp\/v2\/posts\/1455\/revisions"}],"predecessor-version":[{"id":1833,"href":"https:\/\/voyageurs.ch\/de\/wp-json\/wp\/v2\/posts\/1455\/revisions\/1833"}],"wp:featuredmedia":[{"embeddable":true,"href":"https:\/\/voyageurs.ch\/de\/wp-json\/wp\/v2\/media\/1456"}],"wp:attachment":[{"href":"https:\/\/voyageurs.ch\/de\/wp-json\/wp\/v2\/media?parent=1455"}],"wp:term":[{"taxonomy":"category","embeddable":true,"href":"https:\/\/voyageurs.ch\/de\/wp-json\/wp\/v2\/categories?post=1455"},{"taxonomy":"post_tag","embeddable":true,"href":"https:\/\/voyageurs.ch\/de\/wp-json\/wp\/v2\/tags?post=1455"},{"taxonomy":"post_series","embeddable":true,"href":"https:\/\/voyageurs.ch\/de\/wp-json\/wp\/v2\/post_series?post=1455"}],"curies":[{"name":"wp","href":"https:\/\/api.w.org\/{rel}","templated":true}]}}